{"id":1629,"date":"2024-06-22T17:06:00","date_gmt":"2024-06-22T15:06:00","guid":{"rendered":"http:\/\/elanor.deliverance.be\/?p=1629"},"modified":"2025-11-06T10:18:18","modified_gmt":"2025-11-06T09:18:18","slug":"25-1-15-3-2025-tentoonstelling-tolkien-journey-to-middle-earth-aubange-be","status":"publish","type":"post","link":"http:\/\/elanor.deliverance.be\/?p=1629","title":{"rendered":"25\/1 &#8211; 15\/3\/2025 tentoonstelling Tolkien: Journey to Middle-earth, Aubange (BE)"},"content":{"rendered":"\n<p>Van 25 januari tot 15 maart 2025 nodigt de Athus-bibliotheek je uit op een buitengewone reis naar Midden-aarde met de tentoonstelling \u2018Tolkien: Journey to Middle-earth\u2019.<\/p>\n\n\n\n<p>Deze tentoonstelling kadert in het programma DU ROMAN A L\u2019ECRAN 2025&#8242; en loopt in samenwerking met de stad Aubange, het Cultureel Centrum van Aubange, de Bibliotheek Avontuurlijke Literatuur, de Provincie Luxemburg en de Federatie Walloni\u00eb-Brussel.<\/p>\n\n\n\n<p>De tentoonstelling is vrij te bezoeken tijdens de openingsuren van de bibliotheek.<br>In dezelfde periode zijn er ook lezingen, vertellingen en filmvoorstellingen plaats met als thema&#8217;s Tolkien, Midden-aarde, fantasy en draken.<\/p>\n\n\n\n<p><span style=\"text-decoration: underline;\">Periode<\/span>: zaterdag 25\/1\/2025 tot zaterdag 15\/03\/2025<\/p>\n\n\n\n<ul><li>Maandag van 13.00 tot 19.00 uur<\/li><li>Woensdag van 9.00 tot 12.00 uur en van 13.00 tot 18.00 uur. <\/li><li>Vrijdag van 9.00 tot 12.00 uur en van 13.00 tot 18.00 uur. <\/li><li>Zaterdag van 9.00 tot 13.00 uur<\/li><\/ul>\n\n\n\n<p><span style=\"text-decoration: underline;\">Locatie<\/span>: la salle Jean Lebon, biblioth\u00e8que d\u2019Athus, <br>              64 Grand-Rue 6791 ATHUS<\/p>\n\n\n\n<p><span style=\"text-decoration: underline;\">Taal:<\/span> FRANS<\/p>\n\n\n\n<p><span style=\"text-decoration: underline;\">Prijs<\/span>: gratis te bezoeken tijdens de openingsuren van de bibliotheek.<\/p>\n\n\n\n<p><span style=\"text-decoration: underline;\">Voor meer info:<\/span><br>De tentoonstelling: <a href=\"https:\/\/ebib.aubange.be\/2024\/12\/21\/expo-a-la-bibliotheque-dathus-tolkien-voyage-en-terre-du-milieu\/\" target=\"_blank\" rel=\"noreferrer noopener\"> <a href=\"https:\/\/ebib.aubange.be\/2024\/12\/21\/expo-a-la-bibliotheque-dathus-tolkien-voyage-en-terre-du-milieu\/\">EXPO \u00e0 la biblioth\u00e8que d&#8217;Athus &#8211; Tolkien, voyage en Terre du Milieu &#8211; Biblioth\u00e8ques d&#8217;Aubange<\/a><\/a><\/p>\n\n\n\n<p>Het volledige programma: <a href=\"https:\/\/ebib.aubange.be\/2024\/12\/20\/du-roman-a-lecran-2025\/\">Du Roman \u00e0 l&#8217;Ecran 2025 &#8211; Biblioth\u00e8ques d&#8217;Aubange<\/a><\/p>\n\n\n\n<p><\/p>\n\n\n\n<p><\/p>\n","protected":false},"excerpt":{"rendered":"<p>Van 25 januari tot 15 maart 2025 nodigt de Athus-bibliotheek je uit op een reis naar Midden-aarde met de tentoonstelling \u2018Tolkien: Journey to Middle-earth\u2019.<\/p>\n","protected":false},"author":1,"featured_media":0,"comment_status":"open","ping_status":"open","sticky":false,"template":"","format":"standard","meta":[],"categories":[1],"tags":[76],"_links":{"self":[{"href":"http:\/\/elanor.deliverance.be\/index.php?rest_route=\/wp\/v2\/posts\/1629"}],"collection":[{"href":"http:\/\/elanor.deliverance.be\/index.php?rest_route=\/wp\/v2\/posts"}],"about":[{"href":"http:\/\/elanor.deliverance.be\/index.php?rest_route=\/wp\/v2\/types\/post"}],"author":[{"embeddable":true,"href":"http:\/\/elanor.deliverance.be\/index.php?rest_route=\/wp\/v2\/users\/1"}],"replies":[{"embeddable":true,"href":"http:\/\/elanor.deliverance.be\/index.php?rest_route=%2Fwp%2Fv2%2Fcomments&post=1629"}],"version-history":[{"count":2,"href":"http:\/\/elanor.deliverance.be\/index.php?rest_route=\/wp\/v2\/posts\/1629\/revisions"}],"predecessor-version":[{"id":1631,"href":"http:\/\/elanor.deliverance.be\/index.php?rest_route=\/wp\/v2\/posts\/1629\/revisions\/1631"}],"wp:attachment":[{"href":"http:\/\/elanor.deliverance.be\/index.php?rest_route=%2Fwp%2Fv2%2Fmedia&parent=1629"}],"wp:term":[{"taxonomy":"category","embeddable":true,"href":"http:\/\/elanor.deliverance.be\/index.php?rest_route=%2Fwp%2Fv2%2Fcategories&post=1629"},{"taxonomy":"post_tag","embeddable":true,"href":"http:\/\/elanor.deliverance.be\/index.php?rest_route=%2Fwp%2Fv2%2Ftags&post=1629"}],"curies":[{"name":"wp","href":"https:\/\/api.w.org\/{rel}","templated":true}]}}